{"id":67102,"__str__":"Ordem do Dia/Expediente: 7 - Projeto de Lei Ordin\u00e1ria n\u00ba 974 de 2023 em 49\u00aa Sess\u00e3o Ordin\u00e1ria  da 1\u00aa Sess\u00e3o Legislativa da 20\u00aa Legislatura","metadata":{},"data_ordem":"2023-12-06","observacao":"Institui, em \u00e2mbito estadual, o \u201cSetembro Furta-Cor\u201d como m\u00eas dedicado \u00e0s a\u00e7\u00f5es de conscientiza\u00e7\u00e3o, incentivo ao cuidado e \u00e0 promo\u00e7\u00e3o da sa\u00fade mental materna.","numero_ordem":7,"resultado":"","tipo_votacao":1,"votacao_aberta":false,"registro_aberto":null,"sessao_plenaria":1241,"materia":107111,"tramitacao":null}