{"id":53953,"__str__":"Ordem do Dia/Expediente: 93 - Requerimento n\u00ba 2597 de 2023 em 11\u00aa Sess\u00e3o Ordin\u00e1ria  da 1\u00aa Sess\u00e3o Legislativa da 20\u00aa Legislatura","metadata":{},"data_ordem":"2023-04-18","observacao":"REQUERENDO, nos termos do art. 117, inciso XIX do Regimento Interno desta Casa Legislativa, que seja encaminhada manifesta\u00e7\u00e3o de apelo ao Governador do Estado da Para\u00edba, Jo\u00e3o Azev\u00eado Lins Filho, e ao Secret\u00e1rio de Estado da Educa\u00e7\u00e3o, solicitando a constru\u00e7\u00e3o de uma Escola T\u00e9cnica Estadual no Munic\u00edpio de S\u00e3o Vicente do Serid\u00f3/PB.","numero_ordem":93,"resultado":"","tipo_votacao":1,"votacao_aberta":false,"registro_aberto":null,"sessao_plenaria":1195,"materia":101643,"tramitacao":null}