{"id":51643,"__str__":"Ordem do Dia/Expediente: 25 - Requerimento n\u00ba 845 de 2023 em 6\u00aa Sess\u00e3o Ordin\u00e1ria  da 1\u00aa Sess\u00e3o Legislativa da 20\u00aa Legislatura","metadata":{},"data_ordem":"2023-03-14","observacao":"Requer ao Dr. Jo\u00e3o Azevedo, Governador do Estado e \u00e0 Secret\u00e1ria de Desenvolvimento Humano, Pollyanna Dutra, a inclus\u00e3o do munic\u00edpio de Bonito de Santa F\u00e9 no Programa Primeira Inf\u00e2ncia e d\u00e1 outras providencias.","numero_ordem":25,"resultado":"","tipo_votacao":1,"votacao_aberta":false,"registro_aberto":null,"sessao_plenaria":1190,"materia":99495,"tramitacao":null}