{"id":50710,"__str__":"Ordem do Dia/Expediente: 32 - Requerimento n\u00ba 119 de 2023 em 2\u00aa Sess\u00e3o Ordin\u00e1ria  da 1\u00aa Sess\u00e3o Legislativa da 20\u00aa Legislatura","metadata":{},"data_ordem":"2023-02-08","observacao":"Formulando solicita\u00e7\u00e3o ao Governador da Para\u00edba, o Excelent\u00edssimo Senhor Jo\u00e3o Azev\u00eado Lins, no sentido de providenciar a inclus\u00e3o da sede do munic\u00edpio de Capim no programa de Travessias Urbanas do Governo do Estado da Para\u00edba.","numero_ordem":32,"resultado":"","tipo_votacao":1,"votacao_aberta":false,"registro_aberto":null,"sessao_plenaria":1186,"materia":98620,"tramitacao":null}