{"id":29463,"__str__":"Ordem do Dia/Expediente: 217 - Indica\u00e7\u00e3o n\u00ba 423 de 2020 em 8\u00aa Sess\u00e3o Ordin\u00e1ria  da 3\u00aa Sess\u00e3o Legislativa da 19\u00aa Legislatura","metadata":{},"data_ordem":"2021-03-24","observacao":"Que seja encaminhada indica\u00e7\u00e3o ao Excelent\u00edssimo Senhor Jo\u00e3o Azevedo Lins Filho, Governador do Estado, para que este, dentro das suas atribui\u00e7\u00f5es constitucionais, reduza o or\u00e7amento destinado \u00e0 Secretaria de Comunica\u00e7\u00e3o do Estado \u2013 SECOM/PB, bem como proceda com a revis\u00e3o de todos os contratos de publicidade entabulados por este \u00d3rg\u00e3o, com vistas \u00e0 redu\u00e7\u00e3o das despesas com publicidade e propaganda institucional, devendo os recursos serem destinados para o combate ao COVID-19.","numero_ordem":217,"resultado":"","tipo_votacao":1,"votacao_aberta":false,"registro_aberto":null,"sessao_plenaria":1071,"materia":72920,"tramitacao":null}