{"id":84247,"__str__":"Requerimento de Sess\u00e3o Especial n\u00ba 292 de 2021","metadata":{},"numero":292,"ano":2021,"numero_protocolo":null,"data_apresentacao":"2021-07-09","tipo_apresentacao":"E","data_publicacao":null,"numero_origem_externa":"","ano_origem_externa":null,"data_origem_externa":null,"apelido":"","dias_prazo":null,"data_fim_prazo":null,"em_tramitacao":true,"polemica":null,"objeto":"","complementar":null,"ementa":"REQUERENDO A REALIZA\u00c7\u00c3O DE UMA SESS\u00c3O ESPECIAL, NO \u00c2MBITO DO PLEN\u00c1RIO DESTA CASA LEGISLATIVA, SEJA ATRAV\u00c9S DO SISTEMA REMOTO DE V\u00cdDEO CONFER\u00caNCIA DA ASSEMBLEIA LEGISLATIVA OU DE FORMA PRESENCIAL, COM O OBJETIVO DE DEBATER SOBRE A PROPOSTA DE REFORMA TRIBUT\u00c1RIA QUE SE ENCONTRA EM TRAMITA\u00c7\u00c3O NO CONGRESSO NACIONAL, EM DATA E HOR\u00c1RIO A SEREM AGENDADOS POSTERIORMENTE. ","indexacao":"","observacao":"","resultado":"","texto_original":"http://sapl3.al.pb.leg.br/media/sapl/public/materialegislativa/2021/84247/84247_texto_integral.pdf","data_ultima_atualizacao":null,"ip":"","ultima_edicao":null,"tipo":11,"regime_tramitacao":1,"tipo_origem_externa":null,"local_origem_externa":null,"user":null,"anexadas":[],"autores":[144],"selos_ods":[10,17]}