{"id":83204,"__str__":"Indica\u00e7\u00e3o n\u00ba 773 de 2021","metadata":{},"numero":773,"ano":2021,"numero_protocolo":null,"data_apresentacao":"2021-05-26","tipo_apresentacao":"E","data_publicacao":null,"numero_origem_externa":"","ano_origem_externa":null,"data_origem_externa":null,"apelido":"","dias_prazo":null,"data_fim_prazo":null,"em_tramitacao":true,"polemica":null,"objeto":"","complementar":null,"ementa":"Indicando ao Excelent\u00edssimo Senhor Jo\u00e3o Azevedo Lins, Governador do Estado da Para\u00edba, a iniciativa de Projeto de Lei dispondo sobre a cria\u00e7\u00e3o do projeto \u201c\u00d3rf\u00e3os da covid-19\u201d, instituindo pol\u00edticas p\u00fablicas, visando minimizar os preju\u00edzos financeiros e psicol\u00f3gicos sofridos por crian\u00e7as e adolescentes que perderam pais ou respons\u00e1veis para a pandemia do covid-19, haja vista a impossibilidade de iniciativa parlamentar, por tratar-se de mat\u00e9ria legislativa relacionada dentre as de iniciativa privativa do Governador do Estado.","indexacao":"","observacao":"","resultado":"","texto_original":"http://sapl3.al.pb.leg.br/media/sapl/public/materialegislativa/2021/83204/83204_texto_integral.pdf","data_ultima_atualizacao":null,"ip":"","ultima_edicao":null,"tipo":9,"regime_tramitacao":1,"tipo_origem_externa":null,"local_origem_externa":null,"user":null,"anexadas":[],"autores":[290],"selos_ods":[]}