{"id":82985,"__str__":"Requerimento n\u00ba 15610 de 2021","metadata":{},"numero":15610,"ano":2021,"numero_protocolo":null,"data_apresentacao":"2021-05-21","tipo_apresentacao":"E","data_publicacao":null,"numero_origem_externa":"","ano_origem_externa":null,"data_origem_externa":null,"apelido":"","dias_prazo":null,"data_fim_prazo":null,"em_tramitacao":true,"polemica":null,"objeto":"","complementar":null,"ementa":"Requerendo a realiza\u00e7\u00e3o de audi\u00eancia p\u00fablica para debater sobre a atua\u00e7\u00e3o do Servi\u00e7o Social e a concess\u00e3o do Benef\u00edcio da Presta\u00e7\u00e3o Continuada (BPC), no \u00e2mbito das Ag\u00eancias do INSS, na Para\u00edba. Requeiro, ainda, que sejam convidados para esta audi\u00eancia p\u00fablica, representa\u00e7\u00e3o da gest\u00e3o local do INSS na Para\u00edba, o Conselho Regional de Servi\u00e7o Social (CRESS/PB) e o SINDSPREV/PB.","indexacao":"","observacao":"","resultado":"","texto_original":"http://sapl3.al.pb.leg.br/media/sapl/public/materialegislativa/2021/82985/82985_texto_integral.pdf","data_ultima_atualizacao":null,"ip":"","ultima_edicao":null,"tipo":4,"regime_tramitacao":1,"tipo_origem_externa":null,"local_origem_externa":null,"user":null,"anexadas":[],"autores":[282],"selos_ods":[1,2,10]}