{"id":82675,"__str__":"Indica\u00e7\u00e3o n\u00ba 757 de 2021","metadata":{},"numero":757,"ano":2021,"numero_protocolo":null,"data_apresentacao":"2021-05-17","tipo_apresentacao":"E","data_publicacao":null,"numero_origem_externa":"","ano_origem_externa":null,"data_origem_externa":null,"apelido":"","dias_prazo":null,"data_fim_prazo":null,"em_tramitacao":true,"polemica":null,"objeto":"","complementar":null,"ementa":"INDICO ao Excelent\u00edssimo Senhor Governador do Estado da Para\u00edba, nos termos do artigo 111 do Regimento Interno, que determine a Secretaria Estadual de Sa\u00fade a adotar medidas para garantir prioridade de vacina\u00e7\u00e3o contra a Covid-19 aos Genitores, Tutores e Cuidadores de Pessoas com Defici\u00eancia Intelectual (S\u00edndrome de Down, S\u00edndrome do X-Fr\u00e1gil;  S\u00edndrome de Prader-Willi;  S\u00edndrome de Angelman; S\u00edndrome de Williams; Alzheimer; Transtorno do espectro do autismo (TEA); Qualquer outra descrita pelo m\u00e9dico), em face da rejei\u00e7\u00e3o do PLO 2697/2021 nesta Casa Legislativa, apesar de mat\u00e9ria id\u00eantica estar em vig\u00eancia no Estado do Rio de Janeiro (Lei n\u00ba 9264/2021).","indexacao":"","observacao":"","resultado":"","texto_original":"http://sapl3.al.pb.leg.br/media/sapl/public/materialegislativa/2021/82675/82675_texto_integral.pdf","data_ultima_atualizacao":null,"ip":"","ultima_edicao":null,"tipo":9,"regime_tramitacao":1,"tipo_origem_externa":null,"local_origem_externa":null,"user":null,"anexadas":[],"autores":[148],"selos_ods":[]}