{"id":82025,"__str__":"Requerimento n\u00ba 14974 de 2021","metadata":{},"numero":14974,"ano":2021,"numero_protocolo":null,"data_apresentacao":"2021-05-01","tipo_apresentacao":"E","data_publicacao":null,"numero_origem_externa":"","ano_origem_externa":null,"data_origem_externa":null,"apelido":"","dias_prazo":null,"data_fim_prazo":null,"em_tramitacao":true,"polemica":null,"objeto":"","complementar":null,"ementa":"Requerendo ao Governador do Estado da Para\u00edba e ao Secret\u00e1rio Estadual de Sa\u00fade, solicitando que as gestantes, pu\u00e9rperas e lactantes, inclusive as mulheres que tiveram aborto ou perda fetal e independentemente da idade, sejam reconhecidas como grupo de risco e inclu\u00eddas como p\u00fablico priorit\u00e1rio no Calend\u00e1rio Estadual de Imuniza\u00e7\u00e3o contra a COVID-19; iniciando a fase I com o grupo de mulheres com comorbidades e, posteriormente, na fase II, as que n\u00e3o possuem comorbidades, conforme prev\u00ea a Nota T\u00e9cnica n\u00ba 1/2021/DAPES/SAPES/MS.","indexacao":"","observacao":"","resultado":"","texto_original":"http://sapl3.al.pb.leg.br/media/sapl/public/materialegislativa/2021/82025/82025_texto_integral.pdf","data_ultima_atualizacao":null,"ip":"","ultima_edicao":null,"tipo":4,"regime_tramitacao":1,"tipo_origem_externa":null,"local_origem_externa":null,"user":null,"anexadas":[],"autores":[282],"selos_ods":[]}