{"id":81754,"__str__":"Requerimento n\u00ba 14776 de 2021","metadata":{},"numero":14776,"ano":2021,"numero_protocolo":null,"data_apresentacao":"2021-04-26","tipo_apresentacao":"E","data_publicacao":null,"numero_origem_externa":"","ano_origem_externa":null,"data_origem_externa":null,"apelido":"","dias_prazo":null,"data_fim_prazo":null,"em_tramitacao":true,"polemica":null,"objeto":"","complementar":null,"ementa":"Requerendo ao Excelent\u00edssimo Senhor Secret\u00e1rio de Estado da Educa\u00e7\u00e3o, Ci\u00eancia e Tecnologia, Cl\u00e1udio Benedito Silva Furtado, que sejam adotadas as medidas cab\u00edveis quanto ao retorno das aulas nas escolas p\u00fablicas do Estado da Para\u00edba, de modo que esses alunos sejam contemplados nos decretos de flexibiliza\u00e7\u00e3o do isolamento social, assim como foram contempladas as escolas particulares.","indexacao":"","observacao":"","resultado":"","texto_original":"http://sapl3.al.pb.leg.br/media/sapl/public/materialegislativa/2021/81754/81754_texto_integral.pdf","data_ultima_atualizacao":null,"ip":"","ultima_edicao":null,"tipo":4,"regime_tramitacao":1,"tipo_origem_externa":null,"local_origem_externa":null,"user":null,"anexadas":[],"autores":[254],"selos_ods":[]}