{"id":80284,"__str__":"Requerimento n\u00ba 13765 de 2021","metadata":{},"numero":13765,"ano":2021,"numero_protocolo":null,"data_apresentacao":"2021-03-23","tipo_apresentacao":"E","data_publicacao":null,"numero_origem_externa":"","ano_origem_externa":null,"data_origem_externa":null,"apelido":"","dias_prazo":null,"data_fim_prazo":null,"em_tramitacao":true,"polemica":null,"objeto":"","complementar":null,"ementa":"REQUERENDO, conforme Regimento Interno desta Casa, que seja marcada AUDI\u00caNCIA P\u00daBLICA, para debater acerca do Transporte p\u00fablico na Para\u00edba em per\u00edodo da pandemia do COVID-19.","indexacao":"","observacao":"","resultado":"","texto_original":"http://sapl3.al.pb.leg.br/media/sapl/public/materialegislativa/2021/80284/80284_texto_integral.pdf","data_ultima_atualizacao":null,"ip":"","ultima_edicao":null,"tipo":4,"regime_tramitacao":1,"tipo_origem_externa":null,"local_origem_externa":null,"user":null,"anexadas":[],"autores":[251],"selos_ods":[3,11]}