{"id":79519,"__str__":"Requerimento n\u00ba 13185 de 2021","metadata":{},"numero":13185,"ano":2021,"numero_protocolo":null,"data_apresentacao":"2021-03-08","tipo_apresentacao":"E","data_publicacao":null,"numero_origem_externa":"","ano_origem_externa":null,"data_origem_externa":null,"apelido":"","dias_prazo":null,"data_fim_prazo":null,"em_tramitacao":true,"polemica":null,"objeto":"","complementar":null,"ementa":" REQUERENDO AO EXCELENT\u00cdSSIMO SENHOR PRESIDENTE DA ASSEMBLEIA LEGISLATIVA DA PARA\u00cdBA, QUE ADOTE PROVID\u00caNCIAS A FIM DE QUE SEJAM JULGADAS PELA ASSEMBLEIA LEGISLATIVA DA PARA\u00cdBA, AS CONTAS REFERENTES AO EXERC\u00cdCIO FINANCEIRO DE 2016, DA GEST\u00c3O DO EX-GOVERNADOR RICARDO VIEIRA COUTINHO, REPROVADAS POR UNANIMIDADE PELO TCE/PB, EM DECORR\u00caNCIA DE IRREGULARIDADES NA APLICA\u00c7\u00c3O DE RECURSOS P\u00daBLICOS.","indexacao":"","observacao":"","resultado":"","texto_original":"http://sapl3.al.pb.leg.br/media/sapl/public/materialegislativa/2021/79519/79519_texto_integral.pdf","data_ultima_atualizacao":null,"ip":"","ultima_edicao":null,"tipo":4,"regime_tramitacao":1,"tipo_origem_externa":null,"local_origem_externa":null,"user":null,"anexadas":[],"autores":[288],"selos_ods":[]}