{"id":75246,"__str__":"Requerimento n\u00ba 10349 de 2020","metadata":{},"numero":10349,"ano":2020,"numero_protocolo":null,"data_apresentacao":"2020-07-14","tipo_apresentacao":"E","data_publicacao":null,"numero_origem_externa":"","ano_origem_externa":null,"data_origem_externa":null,"apelido":"","dias_prazo":null,"data_fim_prazo":null,"em_tramitacao":true,"polemica":null,"objeto":"","complementar":null,"ementa":"Requeiro, nos termos do art. 117, inciso XIX, do Regimento Interno da Casa, que seja encaminhado manifesta\u00e7\u00e3o desta Casa Legislativa, ao Excelent\u00edssimo Governador do Estado da Para\u00edba, Jo\u00e3o Azevedo, para que N\u00c3O haja a falta de EPIs (equipamentos de prote\u00e7\u00e3o individual) para os profissionais de sa\u00fade na Rede P\u00fablica do estado da Para\u00edba.","indexacao":"","observacao":"","resultado":"","texto_original":"http://sapl3.al.pb.leg.br/media/sapl/public/materialegislativa/2020/75246/75246_texto_integral.pdf","data_ultima_atualizacao":null,"ip":"","ultima_edicao":null,"tipo":4,"regime_tramitacao":1,"tipo_origem_externa":null,"local_origem_externa":null,"user":null,"anexadas":[],"autores":[145],"selos_ods":[]}