{"id":72762,"__str__":"Requerimento de Sess\u00e3o Especial n\u00ba 209 de 2020","metadata":{},"numero":209,"ano":2020,"numero_protocolo":null,"data_apresentacao":"2020-05-06","tipo_apresentacao":"E","data_publicacao":null,"numero_origem_externa":"","ano_origem_externa":null,"data_origem_externa":null,"apelido":"","dias_prazo":null,"data_fim_prazo":null,"em_tramitacao":true,"polemica":null,"objeto":"","complementar":null,"ementa":"Solicito a realiza\u00e7\u00e3o de uma Sess\u00e3o Especial para debater a situa\u00e7\u00e3o dos profissionais de sa\u00fade que est\u00e3o no enfrentamento do Covid-19 nos hospitais p\u00fablicos estaduais da Para\u00edba.","indexacao":"","observacao":"","resultado":"","texto_original":"http://sapl3.al.pb.leg.br/media/sapl/public/materialegislativa/2020/72762/72762_texto_integral.pdf","data_ultima_atualizacao":null,"ip":"","ultima_edicao":null,"tipo":11,"regime_tramitacao":1,"tipo_origem_externa":null,"local_origem_externa":null,"user":null,"anexadas":[],"autores":[284],"selos_ods":[3,8,16]}