{"id":70053,"__str__":"Projeto de Lei Ordin\u00e1ria n\u00ba 1374 de 2019","metadata":{},"numero":1374,"ano":2019,"numero_protocolo":null,"data_apresentacao":"2019-12-06","tipo_apresentacao":"E","data_publicacao":"2019-12-11","numero_origem_externa":"","ano_origem_externa":null,"data_origem_externa":null,"apelido":"","dias_prazo":null,"data_fim_prazo":null,"em_tramitacao":false,"polemica":null,"objeto":"","complementar":null,"ementa":"INSTITUI E INCLUI A \"SEMANA DA IMPRENSA\" NO CALEND\u00c1RIO OFICIAL DE DATAS E EVENTOS COMEMORATIVOS DO ESTADO DA PARA\u00cdBA, E D\u00c1 OUTRAS PROVID\u00caNCIAS.","indexacao":"","observacao":"","resultado":"","texto_original":"http://sapl3.al.pb.leg.br/media/sapl/public/materialegislativa/2019/70053/70053_texto_integral.pdf","data_ultima_atualizacao":null,"ip":"","ultima_edicao":null,"tipo":1,"regime_tramitacao":1,"tipo_origem_externa":null,"local_origem_externa":null,"user":null,"anexadas":[],"autores":[256],"selos_ods":[]}