{"id":63520,"__str__":"Requerimento n\u00ba 2740 de 2019","metadata":{},"numero":2740,"ano":2019,"numero_protocolo":null,"data_apresentacao":"2019-06-11","tipo_apresentacao":"E","data_publicacao":null,"numero_origem_externa":"","ano_origem_externa":null,"data_origem_externa":null,"apelido":"","dias_prazo":null,"data_fim_prazo":null,"em_tramitacao":true,"polemica":false,"objeto":"","complementar":false,"ementa":"SOLICITANDO A ESTA CASA A REALIZA\u00c7\u00c3O DE UMA AUDI\u00caNCIA P\u00daBLICA, NO \u00c2MBITO DA COMISS\u00c3O DE DEFESA DOS DIREITOS DA PESSOA COM DEFICI\u00caNCIA, PARA COMEMORAR O DIA NACIONAL DE LUTA DA PESSOA COM DEFICI\u00caNCIA, A SER REALIZADA NO DIA 21 DE SETEMBRO DE 2019.","indexacao":"","observacao":"","resultado":"","texto_original":"http://sapl3.al.pb.leg.br/media/sapl/public/materialegislativa/2019/63520/63520_texto_integral.pdf","data_ultima_atualizacao":null,"ip":"","ultima_edicao":null,"tipo":4,"regime_tramitacao":2,"tipo_origem_externa":null,"local_origem_externa":null,"user":null,"anexadas":[],"autores":[282],"selos_ods":[10]}