{"id":62544,"__str__":"Veto n\u00ba 23 de 2019","metadata":{},"numero":23,"ano":2019,"numero_protocolo":null,"data_apresentacao":"2019-05-22","tipo_apresentacao":"E","data_publicacao":"2019-05-24","numero_origem_externa":"23","ano_origem_externa":2019,"data_origem_externa":null,"apelido":"","dias_prazo":30,"data_fim_prazo":null,"em_tramitacao":true,"polemica":false,"objeto":"","complementar":false,"ementa":"VETO TOTAL, POR CONSIDERAR INCONSTITUCIONAL, AO PROJETO DE LEI N\u00ba 51/2019, DE AUTORIA DO DEPUTADO EDUARDO CARNEIRO, QUE \u201cDISP\u00d5E SOBRE A CASSA\u00c7\u00c3O DE INSCRI\u00c7\u00c3O ESTADUAL DE ESTABELECIMENTO QUE COMERCIALIZAR, ADQUIRIR, TRANSPORTAR, ESTOCAR OU REVENDER PRODUTOS ORIUNDOS DE CARGAS ROUBADAS NO ESTADO DA PARA\u00cdBA\u201d.","indexacao":"","observacao":"","resultado":"","texto_original":"http://sapl3.al.pb.leg.br/media/sapl/public/materialegislativa/2019/62544/62544_texto_integral.pdf","data_ultima_atualizacao":null,"ip":"","ultima_edicao":null,"tipo":13,"regime_tramitacao":5,"tipo_origem_externa":13,"local_origem_externa":4,"user":null,"anexadas":[59707],"autores":[74],"selos_ods":[]}