{"id":62241,"__str__":"Medida Provis\u00f3ria n\u00ba 283 de 2019","metadata":{},"numero":283,"ano":2019,"numero_protocolo":null,"data_apresentacao":"2019-05-15","tipo_apresentacao":"E","data_publicacao":null,"numero_origem_externa":"","ano_origem_externa":null,"data_origem_externa":null,"apelido":"","dias_prazo":null,"data_fim_prazo":null,"em_tramitacao":true,"polemica":false,"objeto":"","complementar":false,"ementa":"(MENSAGEM N\u00ba 16, DE 13/05/2019)  \u2013 DISP\u00d5E SOBRE A FUS\u00c3O DA SECRETARIA DE ESTADO DAS FINAN\u00c7AS E RECEITA, NA SECRETARIA DE ESTADO DA FAZENDA; ALTERA A LEI N\u00ba 8.186, DE 16 DE MAR\u00c7O DE 2007, QUE DISP\u00d5E SOBRE A ESTRUTURA ORGANIZACIONAL DA ADMINISTRA\u00c7\u00c3O DIRETA DO PODER EXECUTIVO ESTADUAL, E A LEI N\u00ba 11.035, DE 12 DE DEZEMBRO DE 2017, QUE TRATA DA ESTRUTURA ORGANIZACIONAL DA ESCOLA DE ADMINISTRA\u00c7\u00c3O TRIBUT\u00c1RIA \u2013 ESAT.","indexacao":"","observacao":"","resultado":"","texto_original":"http://sapl3.al.pb.leg.br/media/sapl/public/materialegislativa/2019/62241/62241_texto_integral.pdf","data_ultima_atualizacao":null,"ip":"","ultima_edicao":null,"tipo":15,"regime_tramitacao":2,"tipo_origem_externa":null,"local_origem_externa":null,"user":null,"anexadas":[],"autores":[74],"selos_ods":[8,16]}