{"id":53972,"__str__":"Projeto de Lei Ordin\u00e1ria n\u00ba 1392 de 2017","metadata":{},"numero":1392,"ano":2017,"numero_protocolo":null,"data_apresentacao":"2017-05-10","tipo_apresentacao":"E","data_publicacao":"2017-05-11","numero_origem_externa":"","ano_origem_externa":null,"data_origem_externa":null,"apelido":"","dias_prazo":null,"data_fim_prazo":null,"em_tramitacao":false,"polemica":false,"objeto":"","complementar":false,"ementa":"DO GOVERNADOR DO ESTADO - CRIA CARGOS NO QUADRO PERMANENTE DE PESSOAL DA FUNDA\u00c7\u00c3O DESENVOLVIMENTO DA CRIAN\u00c7A E DO ADOLESCENTE \"ALICE ALMEIDA\" FUNDAC E D\u00c1 OUTRAS PROVID\u00caNCIAS.","indexacao":"","observacao":"","resultado":"","texto_original":"http://sapl3.al.pb.leg.br/media/sapl/public/materialegislativa/2017/53972/53972_texto_integral.pdf","data_ultima_atualizacao":null,"ip":"","ultima_edicao":null,"tipo":1,"regime_tramitacao":1,"tipo_origem_externa":null,"local_origem_externa":null,"user":null,"anexadas":[],"autores":[74],"selos_ods":[4,8,16]}