{"id":24667,"__str__":"Projeto de Lei Ordin\u00e1ria n\u00ba 1068 de 2008","metadata":{},"numero":1068,"ano":2008,"numero_protocolo":null,"data_apresentacao":"2008-11-21","tipo_apresentacao":"E","data_publicacao":null,"numero_origem_externa":"","ano_origem_externa":null,"data_origem_externa":null,"apelido":"","dias_prazo":null,"data_fim_prazo":null,"em_tramitacao":true,"polemica":false,"objeto":"","complementar":false,"ementa":"( MENSAGEM N\u00ba: 075) INSTITUI O PLANO DE CARGOS CARRREIRA E REMUNERA\u00c7\u00c3O DOS SERVIDORES DA FUNDA\u00c7\u00c3O CENTRO INTEGRADO DE APOIO AO PORTADOR DE DEFICIENCIA - FUNAD -, E DEFINE NORMAS PARA A SUA CONSOLIDA\u00c7\u00c3O","indexacao":"","observacao":"APROVADO O PARECER ORAL PROFERIDO PELO DEPUTADO BIU FERNANDES, FAVOR\u00c1VEL A PROPOSITURA, PELA COMISS\u00c3O DE OR\u00c7AMENTO NA 12\u00aa SESS\u00c3O EXTRAORDIN\u00c1RIA, EM 24 DE NOVEMBRO DE 2008 E APROVADO O PARECER ORAL PROFERIDO PELO DEPUTADO RICARDO BARBOSA, FAVOR\u00c1VEL A PROPOSITURA PELA COMISS\u00c3O DE SERVI\u00c7O P\u00daBLICO NA 12\u00aa SESS\u00c3O EXTRAORDIN\u00c1RIA EM 24 DE NOVEMBRO DE 2008.","resultado":"","texto_original":"http://sapl3.al.pb.leg.br/media/sapl/public/materialegislativa/2008/24667/plo_1068.pdf","data_ultima_atualizacao":"2026-05-07T16:45:06.762877-03:00","ip":"187.33.254.34","ultima_edicao":"2026-05-07T16:45:06.742880-03:00","tipo":1,"regime_tramitacao":2,"tipo_origem_externa":null,"local_origem_externa":null,"user":191,"anexadas":[],"autores":[74],"selos_ods":[]}