{"id":146729,"__str__":"Requerimento n\u00ba 28294 de 2026","metadata":{},"numero":28294,"ano":2026,"numero_protocolo":1635,"data_apresentacao":"2026-03-23","tipo_apresentacao":"","data_publicacao":null,"numero_origem_externa":"","ano_origem_externa":null,"data_origem_externa":null,"apelido":"","dias_prazo":null,"data_fim_prazo":null,"em_tramitacao":true,"polemica":false,"objeto":"","complementar":false,"ementa":"Requeiro nos termos do art. 112 do Regimento interno desta Casa Legislativa, que seja encaminhada manifesta\u00e7\u00e3o de apelo ao senhor Secret\u00e1rio de Estado do Desenvolvimento da Agropecu\u00e1ria e da Pesca, no sentido de ampliar o programa de distribui\u00e7\u00e3o de sementes no munic\u00edpio de Mana\u00edra/PB.","indexacao":"","observacao":"","resultado":"","texto_original":"http://sapl3.al.pb.leg.br/media/sapl/public/materialegislativa/2026/146729/requerimento_reqrer_2025_a_distribuicao_de_sementes_para_o_munic.__maanaira_20.03.2026.pdf","data_ultima_atualizacao":"2026-03-24T16:45:08.836505-03:00","ip":"187.33.254.34","ultima_edicao":"2026-03-23T13:13:09.964727-03:00","tipo":4,"regime_tramitacao":2,"tipo_origem_externa":null,"local_origem_externa":null,"user":161,"anexadas":[],"autores":[255],"selos_ods":[]}