{"id":146719,"__str__":"Requerimento n\u00ba 28285 de 2026","metadata":{},"numero":28285,"ano":2026,"numero_protocolo":1625,"data_apresentacao":"2026-03-23","tipo_apresentacao":"","data_publicacao":null,"numero_origem_externa":"","ano_origem_externa":null,"data_origem_externa":null,"apelido":"","dias_prazo":null,"data_fim_prazo":null,"em_tramitacao":true,"polemica":false,"objeto":"","complementar":false,"ementa":"REQUEIRO, a Vossa Excel\u00eancia, nos termos do art. 112 do Regimento Interno desta Casa, que seja oficiada manifesta\u00e7\u00e3o de apelo a Senhora Pollyanna  Werton, Secret\u00e1ria de Estado do Desenvolvimento Humano, solicitando a\u00e7\u00f5es do Programa Cidad\u00e3o no munic\u00edpio de Aguiar-PB, efetivando mecanismos de cidadania beneficiando a zona urbana e rural.","indexacao":"","observacao":"","resultado":"","texto_original":"http://sapl3.al.pb.leg.br/media/sapl/public/materialegislativa/2026/146719/requerimento_no________________2026_sedh__programa_cidadao_ao_municipio_de_aguiar_pb.pdf","data_ultima_atualizacao":"2026-03-24T16:45:08.627826-03:00","ip":"187.33.254.34","ultima_edicao":"2026-03-23T12:56:06.417939-03:00","tipo":4,"regime_tramitacao":2,"tipo_origem_externa":null,"local_origem_externa":null,"user":161,"anexadas":[],"autores":[309],"selos_ods":[]}