{"id":146624,"__str__":"Requerimento n\u00ba 28232 de 2026","metadata":{},"numero":28232,"ano":2026,"numero_protocolo":1541,"data_apresentacao":"2026-03-18","tipo_apresentacao":"","data_publicacao":null,"numero_origem_externa":"","ano_origem_externa":null,"data_origem_externa":null,"apelido":"","dias_prazo":null,"data_fim_prazo":null,"em_tramitacao":true,"polemica":false,"objeto":"","complementar":false,"ementa":"Requer ao Deputado Adriano Galdino, Presidente da Assembleia Legislativa, envio de expediente ao Senhor Jo\u00e3o Azevedo, Governador do Estado da Para\u00edba, ao Senhor Wilson Santiago Filho, Secret\u00e1rio de Estado da Educa\u00e7\u00e3o, com o objetivo de desenvolver pol\u00edtica p\u00fablica aos alunos do ensino m\u00e9dio para participarem do programa Jovem Aprendiz no Munic\u00edpio de Uira\u00fana e d\u00e1 outras provid\u00eancias.","indexacao":"","observacao":"","resultado":"","texto_original":"http://sapl3.al.pb.leg.br/media/sapl/public/materialegislativa/2026/146624/7req._jovem_aprendiz.docx_14_1.pdf","data_ultima_atualizacao":"2026-03-31T18:57:30.963053-03:00","ip":"187.33.254.34","ultima_edicao":"2026-03-18T14:03:12.531504-03:00","tipo":4,"regime_tramitacao":2,"tipo_origem_externa":null,"local_origem_externa":null,"user":162,"anexadas":[],"autores":[292],"selos_ods":[]}