{"id":140194,"__str__":"Projeto de Lei Ordin\u00e1ria n\u00ba 5380 de 2025","metadata":{},"numero":5380,"ano":2025,"numero_protocolo":9711,"data_apresentacao":"2025-10-03","tipo_apresentacao":"","data_publicacao":null,"numero_origem_externa":"","ano_origem_externa":null,"data_origem_externa":null,"apelido":"","dias_prazo":null,"data_fim_prazo":null,"em_tramitacao":true,"polemica":false,"objeto":"","complementar":false,"ementa":"Institui o Dia do Esteticista no Estado da Para\u00edba, a ser comemorado anualmente no dia 26 de setembro, e d\u00e1 outras provid\u00eancias.","indexacao":"","observacao":"","resultado":"","texto_original":"http://sapl3.al.pb.leg.br/media/sapl/public/materialegislativa/2025/140194/plo_institui_o_dia_do_esteticista_.pdf","data_ultima_atualizacao":"2026-01-20T10:52:32.136854-03:00","ip":"177.37.143.222","ultima_edicao":"2025-10-03T05:37:57.669301-03:00","tipo":1,"regime_tramitacao":2,"tipo_origem_externa":null,"local_origem_externa":null,"user":118,"anexadas":[],"autores":[187],"selos_ods":[]}