{"id":139896,"__str__":"Requerimento n\u00ba 25078 de 2025","metadata":{},"numero":25078,"ano":2025,"numero_protocolo":9449,"data_apresentacao":"2025-09-27","tipo_apresentacao":"","data_publicacao":null,"numero_origem_externa":"","ano_origem_externa":null,"data_origem_externa":null,"apelido":"","dias_prazo":null,"data_fim_prazo":null,"em_tramitacao":true,"polemica":false,"objeto":"","complementar":false,"ementa":"Requeiro, nos termos do art. 112 c/c o art. 117 do Regimento Interno desta Casa Legislativa, depois de ouvido o plen\u00e1rio, que encaminhe apelo ao Governador da Para\u00edba, o Excelent\u00edssimo Senhor Jo\u00e3o Azev\u00eado Lins e a Secretaria de Estado do Desenvolvimento Humano, no sentido de que seja avaliada a viabilidade de implantar uma Cozinha Comunit\u00e1ria no munic\u00edpio de Jacara\u00fa \u2013 PB, assegurando \u00e0 popula\u00e7\u00e3o em situa\u00e7\u00e3o de vulnerabilidade social o acesso regular a refei\u00e7\u00f5es de qualidade e nutricionalmente adequadas.","indexacao":"","observacao":"","resultado":"","texto_original":"http://sapl3.al.pb.leg.br/media/sapl/public/materialegislativa/2025/139896/requerimento_1426_-_cozinha_jacarau_-_2025_-_setembro_1.pdf","data_ultima_atualizacao":"2025-09-30T19:48:52.429242-03:00","ip":"187.64.103.137","ultima_edicao":"2025-09-27T21:21:42.604429-03:00","tipo":4,"regime_tramitacao":2,"tipo_origem_externa":null,"local_origem_externa":null,"user":114,"anexadas":[],"autores":[306],"selos_ods":[]}