{"id":139720,"__str__":"Requerimento n\u00ba 24966 de 2025","metadata":{},"numero":24966,"ano":2025,"numero_protocolo":9312,"data_apresentacao":"2025-09-24","tipo_apresentacao":"","data_publicacao":null,"numero_origem_externa":"","ano_origem_externa":null,"data_origem_externa":null,"apelido":"","dias_prazo":null,"data_fim_prazo":null,"em_tramitacao":true,"polemica":false,"objeto":"","complementar":false,"ementa":"ao Excelent\u00edssimo Senhor Jo\u00e3o Azevedo, Governador do Estado da Para\u00edba, e \u00e0 Ilustr\u00edssima Senhora Rafaela Camaraense, Secret\u00e1ria Estadual do Meio Ambiente e Sustentabilidade, solicitando a ado\u00e7\u00e3o de a\u00e7\u00f5es voltadas \u00e0 implementa\u00e7\u00e3o de uma pol\u00edtica de iniciativa verde nas escolas p\u00fablicas estaduais do Munic\u00edpio de Rio Tinto .","indexacao":"","observacao":"","resultado":"","texto_original":"http://sapl3.al.pb.leg.br/media/sapl/public/materialegislativa/2025/139720/requerimento_politica_verde_nas_escolas_de_rio_tinto.pdf","data_ultima_atualizacao":"2025-09-30T19:48:50.175192-03:00","ip":"187.33.254.34","ultima_edicao":"2025-09-24T11:37:20.504942-03:00","tipo":4,"regime_tramitacao":2,"tipo_origem_externa":null,"local_origem_externa":null,"user":161,"anexadas":[],"autores":[315],"selos_ods":[]}