{"id":135555,"__str__":"Projeto de Lei Ordin\u00e1ria n\u00ba 4557 de 2025","metadata":{},"numero":4557,"ano":2025,"numero_protocolo":5629,"data_apresentacao":"2025-06-11","tipo_apresentacao":"","data_publicacao":null,"numero_origem_externa":"","ano_origem_externa":null,"data_origem_externa":null,"apelido":"","dias_prazo":null,"data_fim_prazo":null,"em_tramitacao":true,"polemica":false,"objeto":"","complementar":false,"ementa":"INSTITUI O PROGRAMA \u201cPARA\u00cdBA SEM RACISMO \u2013 N\u00c3O SE CALE\u201d, QUE ESTABELECE PROTOCOLO DE CONDUTA PARA ESPA\u00c7OS P\u00daBLICOS E PRIVADOS DE LAZER NO ENFRENTAMENTO DE SITUA\u00c7\u00d5ES DE RACISMO, AL\u00c9M DE PROCEDIMENTOS PARA ACOLHIMENTO E ASSIST\u00caNCIA \u00c0S V\u00cdTIMAS NO ESTADO DA PARA\u00cdBA, E D\u00c1 OUTRAS PROVID\u00caNCIAS.","indexacao":"","observacao":"","resultado":"","texto_original":"http://sapl3.al.pb.leg.br/media/sapl/public/materialegislativa/2025/135555/institui_o_programa_paraiba_sem_racismo__nao_se_cale_que_estabelece_protocolo_de_conduta_para_espacos_publicos_e_privados_de_lazer_no_enfrentamento_de_situacoes_de_racismo_1.pdf","data_ultima_atualizacao":"2026-05-27T15:51:19.766762-03:00","ip":"10.83.19.254","ultima_edicao":"2025-06-11T09:03:06.629444-03:00","tipo":1,"regime_tramitacao":2,"tipo_origem_externa":null,"local_origem_externa":null,"user":118,"anexadas":[],"autores":[298],"selos_ods":[]}