{"id":122299,"__str__":"Requerimento n\u00ba 14011 de 2024","metadata":{},"numero":14011,"ano":2024,"numero_protocolo":null,"data_apresentacao":"2024-05-22","tipo_apresentacao":"E","data_publicacao":null,"numero_origem_externa":"","ano_origem_externa":null,"data_origem_externa":null,"apelido":"","dias_prazo":null,"data_fim_prazo":null,"em_tramitacao":true,"polemica":null,"objeto":"","complementar":null,"ementa":"REQUEIRO \u00e0 Mesa, ouvido o soberano Plen\u00e1rio e cumpridas \u00e0s formalidades regimentais, que seja encaminhada manifesta\u00e7\u00e3o ao Excelent\u00edssimo Senhor Governador do Estado da Para\u00edba Sr. Jo\u00e3o Azevedo Lins e a Excelent\u00edssima Senhora Secret\u00e1ria de Estado da Sa\u00fade Sr\u00aa. Renata N\u00f3brega, solicitando a implanta\u00e7\u00e3o de um centro de atendimento e tratamento para pessoas com transtorno do espectro autista (TEA) no Munic\u00edpio de Paulista.","indexacao":"","observacao":"","resultado":"","texto_original":"http://sapl3.al.pb.leg.br/media/sapl/public/materialegislativa/2024/122299/122299_texto_integral.pdf","data_ultima_atualizacao":null,"ip":"","ultima_edicao":null,"tipo":4,"regime_tramitacao":1,"tipo_origem_externa":null,"local_origem_externa":null,"user":null,"anexadas":[],"autores":[198],"selos_ods":[3]}