{"id":114049,"__str__":"Requerimento n\u00ba 9640 de 2023","metadata":{},"numero":9640,"ano":2023,"numero_protocolo":null,"data_apresentacao":"2023-12-05","tipo_apresentacao":"E","data_publicacao":null,"numero_origem_externa":"","ano_origem_externa":null,"data_origem_externa":null,"apelido":"","dias_prazo":null,"data_fim_prazo":null,"em_tramitacao":true,"polemica":null,"objeto":"","complementar":null,"ementa":"requerimento de apelo ao Governador do Estado da Para\u00edba, Exmo. Sr. Jo\u00e3o Azevedo, para que este determine junto ao Sr. Jhony Bezerra, Secret\u00e1rio da Sa\u00fade da Para\u00edba, a inclus\u00e3o do munic\u00edpio de Arara na programa\u00e7\u00e3o da pr\u00f3xima Caravana da Rede Cuidar.","indexacao":"","observacao":"","resultado":"","texto_original":"http://sapl3.al.pb.leg.br/media/sapl/public/materialegislativa/2023/114049/114049_texto_integral.pdf","data_ultima_atualizacao":null,"ip":"","ultima_edicao":null,"tipo":4,"regime_tramitacao":1,"tipo_origem_externa":null,"local_origem_externa":null,"user":null,"anexadas":[],"autores":[316],"selos_ods":[3]}