{"id":105999,"__str__":"Requerimento de Sess\u00e3o Especial n\u00ba 89 de 2023","metadata":{},"numero":89,"ano":2023,"numero_protocolo":null,"data_apresentacao":"2023-08-15","tipo_apresentacao":"E","data_publicacao":null,"numero_origem_externa":"","ano_origem_externa":null,"data_origem_externa":null,"apelido":"","dias_prazo":null,"data_fim_prazo":null,"em_tramitacao":true,"polemica":null,"objeto":"","complementar":null,"ementa":"Requerendo nos termos do art. 90 e incisos c\u2215c o art. 64 do Regimento Interno desta Casa Legislativa, que seja realizada uma Sess\u00e3o Especial para ampliar a campanha de conscientiza\u00e7\u00e3o sobre a preven\u00e7\u00e3o ao suic\u00eddio, o Setembro Amarelo, e buscar mecanismos que fortale\u00e7am os sistemas que cuidam da sa\u00fade mental da popula\u00e7\u00e3o paraibana. ","indexacao":"","observacao":"","resultado":"","texto_original":"http://sapl3.al.pb.leg.br/media/sapl/public/materialegislativa/2023/105999/105999_texto_integral.pdf","data_ultima_atualizacao":null,"ip":"","ultima_edicao":null,"tipo":11,"regime_tramitacao":1,"tipo_origem_externa":null,"local_origem_externa":null,"user":null,"anexadas":[],"autores":[306],"selos_ods":[3]}