{"id":105082,"__str__":"Requerimento n\u00ba 5030 de 2023","metadata":{},"numero":5030,"ano":2023,"numero_protocolo":null,"data_apresentacao":"2023-07-26","tipo_apresentacao":"E","data_publicacao":null,"numero_origem_externa":"","ano_origem_externa":null,"data_origem_externa":null,"apelido":"","dias_prazo":null,"data_fim_prazo":null,"em_tramitacao":true,"polemica":null,"objeto":"","complementar":null,"ementa":"\u201cMo\u00e7\u00e3o de Aplausos\u201d e reconhecimento ao ilustre atleta paraol\u00edmpico Petr\u00facio Ferreira, em virtude de sua extraordin\u00e1ria conquista do Tricampeonato Mundial de Atletismo na categoria 100 metros rasos.","indexacao":"","observacao":"","resultado":"","texto_original":"http://sapl3.al.pb.leg.br/media/sapl/public/materialegislativa/2023/105082/105082_texto_integral.pdf","data_ultima_atualizacao":null,"ip":"","ultima_edicao":null,"tipo":4,"regime_tramitacao":1,"tipo_origem_externa":null,"local_origem_externa":null,"user":null,"anexadas":[],"autores":[290],"selos_ods":[]}