{"id":104405,"__str__":"Requerimento de Sess\u00e3o Especial n\u00ba 71 de 2023","metadata":{},"numero":71,"ano":2023,"numero_protocolo":null,"data_apresentacao":"2023-06-06","tipo_apresentacao":"E","data_publicacao":null,"numero_origem_externa":"","ano_origem_externa":null,"data_origem_externa":null,"apelido":"","dias_prazo":null,"data_fim_prazo":null,"em_tramitacao":true,"polemica":null,"objeto":"","complementar":null,"ementa":"Convocar Sess\u00e3o Especial e Audi\u00eancia P\u00fablica, a ser realizada em data\r\nposteriormente designada por este Poder, no Plen\u00e1rio \u201cJos\u00e9 Mariz\u201d, com o objetivo\r\nde debater o Projeto de Lei Complementar n\u00ba 42/2023, de autoria do Tribunal de\r\nJusti\u00e7a da Para\u00edba, que transforma a 2\u00aa Vara de Executivos Fiscais da Comarca de\r\nJo\u00e3o Pessoa na 8\u00aa Vara Criminal da Comarca da Capital e jurisdi\u00e7\u00e3o estadual para\r\nprocessar e julgar os delitos de organiza\u00e7\u00f5es criminosas, possibilitando, desta forma,\r\na viabiliza\u00e7\u00e3o da aprova\u00e7\u00e3o da mat\u00e9ria legislativa.\r\n","indexacao":"","observacao":"","resultado":"","texto_original":"http://sapl3.al.pb.leg.br/media/sapl/public/materialegislativa/2023/104405/104405_texto_integral.pdf","data_ultima_atualizacao":null,"ip":"","ultima_edicao":null,"tipo":11,"regime_tramitacao":1,"tipo_origem_externa":null,"local_origem_externa":null,"user":null,"anexadas":[],"autores":[183],"selos_ods":[16]}