{"id":103396,"__str__":"Requerimento n\u00ba 3925 de 2023","metadata":{},"numero":3925,"ano":2023,"numero_protocolo":null,"data_apresentacao":"2023-05-22","tipo_apresentacao":"E","data_publicacao":null,"numero_origem_externa":"","ano_origem_externa":null,"data_origem_externa":null,"apelido":"","dias_prazo":null,"data_fim_prazo":null,"em_tramitacao":true,"polemica":null,"objeto":"","complementar":null,"ementa":"REQUEIRO \u00e0 Mesa nos termos do artigo 112 c/c 117 inciso XVII do regimento Interno desta Casa e ap\u00f3s ouvido o Colendo Plen\u00e1rio, que seja encaminhada \u201cMO\u00c7\u00c3O DE PROFUNDO PESAR\u201d aos familiares da Irm\u00e3 COLETA, do Mosteiro Santa Clara (Clarissas), falecida no dia 20 de maio do corrente aos 86 anos de causas naturais na cidade de Campina Grande-PB.","indexacao":"","observacao":"","resultado":"","texto_original":"http://sapl3.al.pb.leg.br/media/sapl/public/materialegislativa/2023/103396/103396_texto_integral.pdf","data_ultima_atualizacao":null,"ip":"","ultima_edicao":null,"tipo":4,"regime_tramitacao":1,"tipo_origem_externa":null,"local_origem_externa":null,"user":null,"anexadas":[],"autores":[256],"selos_ods":[]}