{"id":102052,"__str__":"Requerimento n\u00ba 2892 de 2023","metadata":{},"numero":2892,"ano":2023,"numero_protocolo":null,"data_apresentacao":"2023-04-24","tipo_apresentacao":"E","data_publicacao":null,"numero_origem_externa":"","ano_origem_externa":null,"data_origem_externa":null,"apelido":"","dias_prazo":null,"data_fim_prazo":null,"em_tramitacao":true,"polemica":null,"objeto":"","complementar":null,"ementa":"Requeiro regimentalmente \u00e0 Mesa, depois de ouvido o plen\u00e1rio, que seja inserida na Ata da presente Sess\u00e3o Ordin\u00e1ria MO\u00c7\u00c3O DE APLAUSOS E RECONHECIMENTO para a equipe m\u00e9dica do Hospital de Emerg\u00eancia e Trauma Senador Humberto Lucena, segue abaixo os m\u00e9dicos relacionados: \r\nDR LAECIO BRAGANTE DE ARA\u00daJO\r\nDR GLAUBER DE MELO MIRANDA NOVAIS\r\nDR MATHEUS MARINHO ENOMOTO \r\nDR ALEXANDRE BENTO DE FARIAS","indexacao":"","observacao":"","resultado":"","texto_original":"http://sapl3.al.pb.leg.br/media/sapl/public/materialegislativa/2023/102052/102052_texto_integral.pdf","data_ultima_atualizacao":null,"ip":"","ultima_edicao":null,"tipo":4,"regime_tramitacao":1,"tipo_origem_externa":null,"local_origem_externa":null,"user":null,"anexadas":[],"autores":[308],"selos_ods":[]}