{"id":101695,"__str__":"Requerimento n\u00ba 2633 de 2023","metadata":{},"numero":2633,"ano":2023,"numero_protocolo":null,"data_apresentacao":"2023-04-17","tipo_apresentacao":"E","data_publicacao":null,"numero_origem_externa":"","ano_origem_externa":null,"data_origem_externa":null,"apelido":"","dias_prazo":null,"data_fim_prazo":null,"em_tramitacao":true,"polemica":null,"objeto":"","complementar":null,"ementa":"Requer, com fundamento no artigo 117, XIX, da Resolu\u00e7a\u0303o no 1.578/2012 (Regimento Interno) que seja formalizado requerimento de PROVID\u00caNCIAS \u00e0 Sra. Simone Jord\u00e3o Almeida, presidente da FUNAD, para que analise a possibilidade de contratar Terapeutas Ocupacionais para auxiliar no atendimento da Institui\u00e7\u00e3o.","indexacao":"","observacao":"","resultado":"","texto_original":"http://sapl3.al.pb.leg.br/media/sapl/public/materialegislativa/2023/101695/101695_texto_integral.pdf","data_ultima_atualizacao":null,"ip":"","ultima_edicao":null,"tipo":4,"regime_tramitacao":1,"tipo_origem_externa":null,"local_origem_externa":null,"user":null,"anexadas":[],"autores":[260],"selos_ods":[]}