{"id":101500,"__str__":"Requerimento n\u00ba 2495 de 2023","metadata":{},"numero":2495,"ano":2023,"numero_protocolo":null,"data_apresentacao":"2023-04-11","tipo_apresentacao":"E","data_publicacao":null,"numero_origem_externa":"","ano_origem_externa":null,"data_origem_externa":null,"apelido":"","dias_prazo":null,"data_fim_prazo":null,"em_tramitacao":true,"polemica":null,"objeto":"","complementar":null,"ementa":"Requerendo, na forma do art. 117, inciso XVII, do Regimento Interno da Assembleia Legislativa da Para\u00edba (Resolu\u00e7\u00e3o n.\u00ba 1578/2012), e ap\u00f3s ouvido o plen\u00e1rio, que seja consignada na ata dos trabalhos manifesta\u00e7\u00e3o de pesar pelo falecimento de Augusto Bezerra Cavalcanti Neto, ex-prefeito de Bananeiras/PB, ocorrido na manh\u00e3 desta segunda-feira, 10 de abril de 2023.","indexacao":"","observacao":"","resultado":"","texto_original":"http://sapl3.al.pb.leg.br/media/sapl/public/materialegislativa/2023/101500/101500_texto_integral.pdf","data_ultima_atualizacao":null,"ip":"","ultima_edicao":null,"tipo":4,"regime_tramitacao":1,"tipo_origem_externa":null,"local_origem_externa":null,"user":null,"anexadas":[],"autores":[283],"selos_ods":[]}