{"id":959,"__str__":"Reuni\u00e3o de Audi\u00eancia P\u00fablica","metadata":{},"numero":1,"nome":"Reuni\u00e3o de Audi\u00eancia P\u00fablica","tema":"","data":"2025-09-01","hora_inicio":"14:00:00","hora_fim":null,"local_reuniao":"","observacao":"Reuni\u00e3o de Audi\u00eancia P\u00fablica  com o objetivo de debater o transporte interestadual realizado por taxistas.","url_audio":"","url_video":"","upload_pauta":"http://sapl3.al.pb.leg.br/media/sapl/public/reuniao/959/pauta/convocacao_ap_direitos_humanos_01_09_2025.pdf","upload_ata":null,"upload_anexo":null,"periodo":49,"comissao":8}