{"id":766,"__str__":"","metadata":{},"numero":1,"nome":"","tema":"","data":"2023-08-09","hora_inicio":"12:00:00","hora_fim":null,"local_reuniao":"","observacao":"1\u00aa Reuni\u00e3o Ordin\u00e1ria a ser realizada no Plen\u00e1rio \u201cDeputado Jos\u00e9 Mariz\u201d com a finalidade de deliberar sobre os pareceres emitidos \u00e0s mat\u00e9rias que constam na pauta da Ordem do Dia, bem como tratar sobre os assuntos da \u00e1rea tem\u00e1tica da Comiss\u00e3o.","url_audio":"","url_video":"","upload_pauta":"http://sapl3.al.pb.leg.br/media/sapl/public/reuniao/766/pauta/766_pauta.pdf","upload_ata":"http://sapl3.al.pb.leg.br/media/sapl/public/reuniao/766/ata/766_ata.pdf","upload_anexo":"http://sapl3.al.pb.leg.br/media/sapl/public/reuniao/766/anexo/766_resultado.pdf","periodo":48,"comissao":73}