{"id":592,"__str__":"","metadata":{},"numero":2,"nome":"","tema":"","data":"2021-06-15","hora_inicio":"15:00:00","hora_fim":null,"local_reuniao":"","observacao":"Reuni\u00e3o de Audi\u00eancia P\u00fablica, realizada por videoconfer\u00eancia, com o fim de debater sobre Dia Mundial de Conscientiza\u00e7\u00e3o da Viol\u00eancia contra a Pessoa Idosa e discutir a reinser\u00e7\u00e3o do idoso na sociedade p\u00f3s-pandemia.","url_audio":"","url_video":"","upload_pauta":"http://sapl3.al.pb.leg.br/media/sapl/public/reuniao/592/pauta/592_pauta.pdf","upload_ata":"http://sapl3.al.pb.leg.br/media/sapl/public/reuniao/592/ata/592_ata.pdf","upload_anexo":"http://sapl3.al.pb.leg.br/media/sapl/public/reuniao/592/anexo/592_resultado.pdf","periodo":48,"comissao":8}