{"id":466,"__str__":"","metadata":{},"numero":6,"nome":"","tema":"","data":"2019-11-11","hora_inicio":"14:00:00","hora_fim":null,"local_reuniao":"","observacao":"Reuni\u00e3o de Audi\u00eancia P\u00fablica, no Plen\u00e1rio \"Deputado Jos\u00e9 Mariz\", com o objetivo de discutir a inclus\u00e3o social, mobilidade urbana e acessibilidade das pessoas com defici\u00eancia no Estado da Para\u00edba.","url_audio":"","url_video":"","upload_pauta":"http://sapl3.al.pb.leg.br/media/sapl/public/reuniao/466/pauta/466_pauta.pdf","upload_ata":"http://sapl3.al.pb.leg.br/media/sapl/public/reuniao/466/ata/466_ata.pdf","upload_anexo":"http://sapl3.al.pb.leg.br/media/sapl/public/reuniao/466/anexo/466_resultado.pdf","periodo":48,"comissao":56}