{"id":451,"__str__":"","metadata":{},"numero":2,"nome":"","tema":"","data":"2019-12-04","hora_inicio":"09:00:00","hora_fim":null,"local_reuniao":"","observacao":"1\u00aa Reuni\u00e3o Ordin\u00e1ria no Plen\u00e1rio Deputado Judivan Cabral. Delibera\u00e7\u00e3o sobre os pareceres emitidos \u00e0s mat\u00e9rias que constam na pauta da Ordem do Dia da Comiss\u00e3o, bem como, tratar dos assuntos da sua \u00e1rea tem\u00e1tica.","url_audio":"","url_video":"","upload_pauta":null,"upload_ata":null,"upload_anexo":null,"periodo":48,"comissao":72}