{"id":392,"__str__":"","metadata":{},"numero":5,"nome":"","tema":"","data":"2019-09-25","hora_inicio":"09:00:00","hora_fim":null,"local_reuniao":"","observacao":"Reuni\u00e3o de Audi\u00eancia P\u00fablica no Plen\u00e1rio Deputado Jos\u00e9 Mariz, com o objetivo de debater quest\u00f5es referentes a microcefalia e  participa\u00e7\u00e3o do Estado no assunto, ainda discutir sobre a preven\u00e7\u00e3o, diagn\u00f3stico e apoio \u00e0s fam\u00edlias de beb\u00eas com microcefalia.","url_audio":"","url_video":"","upload_pauta":"http://sapl3.al.pb.leg.br/media/sapl/public/reuniao/392/pauta/392_pauta.pdf","upload_ata":"http://sapl3.al.pb.leg.br/media/sapl/public/reuniao/392/ata/392_ata.pdf","upload_anexo":null,"periodo":48,"comissao":12}