{"id":377,"__str__":"","metadata":{},"numero":3,"nome":"","tema":"","data":"2019-08-14","hora_inicio":"14:30:00","hora_fim":null,"local_reuniao":"","observacao":"Reuni\u00e3o de Audi\u00eancia P\u00fablica no Plen\u00e1rio Deputado Jos\u00e9 Mariz, na qual ser\u00e1 apresentado Relat\u00f3rio de Presta\u00e7\u00e3o de Contas do 1\u00ba Quadrimestre de 2019 pela Secretaria de Estado da Sa\u00fade, conforme preceitua o art. 36, \u00a75\u00ba, da Lei Complementar n\u00ba 141/2012","url_audio":"","url_video":"","upload_pauta":"http://sapl3.al.pb.leg.br/media/sapl/public/reuniao/377/pauta/377_pauta.pdf","upload_ata":"http://sapl3.al.pb.leg.br/media/sapl/public/reuniao/377/ata/377_ata.pdf","upload_anexo":null,"periodo":48,"comissao":12}