{"id":331,"__str__":"","metadata":{},"numero":0,"nome":"","tema":"","data":"2019-05-08","hora_inicio":"14:30:00","hora_fim":null,"local_reuniao":"","observacao":"Reuni\u00e3o de Instala\u00e7\u00e3o da Frente Parlamentar do Empreendedorismo e Desenvolvimento Econ\u00f4mico.","url_audio":"","url_video":"","upload_pauta":"http://sapl3.al.pb.leg.br/media/sapl/public/reuniao/331/pauta/331_pauta.pdf","upload_ata":null,"upload_anexo":null,"periodo":46,"comissao":57}