{"id":329,"__str__":"","metadata":{},"numero":1,"nome":"","tema":"","data":"2019-05-21","hora_inicio":"15:00:00","hora_fim":null,"local_reuniao":"","observacao":"Reuni\u00e3o de Instala\u00e7\u00e3o para elei\u00e7\u00e3o do Presidente, Vice-Presidente e designa\u00e7\u00e3o do Relator. ","url_audio":"","url_video":"","upload_pauta":"http://sapl3.al.pb.leg.br/media/sapl/public/reuniao/329/pauta/329_pauta.pdf","upload_ata":"http://sapl3.al.pb.leg.br/media/sapl/public/reuniao/329/ata/329_ata.pdf","upload_anexo":null,"periodo":46,"comissao":58}