{"id":317,"__str__":"","metadata":{},"numero":1,"nome":"","tema":"","data":"2019-05-20","hora_inicio":"17:00:00","hora_fim":null,"local_reuniao":"","observacao":"1\u00aa Reuni\u00e3o de Audi\u00eancia P\u00fablica na C\u00e2mara Municipal de Patos, com o objetivo de discutir a Gest\u00e3o Hospitalar das unidades estaduais naquele Munic\u00edpio. ","url_audio":"","url_video":"","upload_pauta":"http://sapl3.al.pb.leg.br/media/sapl/public/reuniao/317/pauta/317_pauta.pdf","upload_ata":"http://sapl3.al.pb.leg.br/media/sapl/public/reuniao/317/ata/317_ata.pdf","upload_anexo":null,"periodo":48,"comissao":12}