{"id":172,"__str__":"","metadata":{},"numero":3,"nome":"","tema":"","data":"2017-08-23","hora_inicio":"11:30:00","hora_fim":null,"local_reuniao":"","observacao":"3\u00aa Reuni\u00e3o Ordin\u00e1ria da Comiss\u00e3o de Sa\u00fade","url_audio":"","url_video":"","upload_pauta":null,"upload_ata":"http://sapl3.al.pb.leg.br/media/sapl/public/reuniao/172/ata/172_ata.pdf","upload_anexo":null,"periodo":48,"comissao":12}