{"id":1497,"__str__":"Suplente : Chi\u00f3","metadata":{},"titular":false,"data_designacao":"2025-02-12","data_desligamento":null,"motivo_desligamento":"Volta ap\u00f3s licen\u00e7a parlamentar.","observacao":"Substitui\u00e7\u00e3o de membro de acordo com Of\u00edcio e Ato do Presidente no DPL de 29/04/2025.","composicao":138,"parlamentar":164,"cargo":4}